{"id":1441,"date":"2021-07-14T17:36:26","date_gmt":"2021-07-14T17:36:26","guid":{"rendered":"https:\/\/viper.es\/blog\/?p=1441"},"modified":"2021-07-14T17:39:31","modified_gmt":"2021-07-14T17:39:31","slug":"alquiler-de-vehiculos-industriales-en-elche","status":"publish","type":"post","link":"https:\/\/viper.es\/blog\/index.php\/2021\/07\/14\/alquiler-de-vehiculos-industriales-en-elche\/","title":{"rendered":"Alquiler de Veh\u00edculos Industriales en Elche"},"content":{"rendered":"\n<p class=\"has-medium-font-size\"><strong>Veh\u00edculos Industriales de alquiler en Elche econ\u00f3micas y fiables<\/strong><\/p>\n\n\n\n<p style=\"font-size:18px\">Si buscas,<strong>veh\u00edculos industriales<\/strong><strong> de alquiler en Elche econ\u00f3micos<\/strong>, fiables y adem\u00e1s poder alquilar c\u00f3modamente y con las mejores coberturas y garant\u00edas, est\u00e1s en <strong>el mejor lugar de Elche para <\/strong><strong>veh\u00edculos industriales<\/strong>, VIPER RENT A CAR.<\/p>\n\n\n\n<hr class=\"wp-block-separator\"\/>\n\n\n\n<p style=\"font-size:18px\">El equipo de VIPER RENT A CAR te asesora de <strong>lunes a viernes de 8:30 a 13:30 y por la tarde de 16:00 a 19:00. &nbsp;Los s\u00e1bados de 10:00 a 13:00.<\/strong> Tambi\u00e9n puedes contactar con nosotros en el tel\u00e9fono +<a href=\"tel:+34666561616\">666 56 16 16<\/a> o a trav\u00e9s de nuestro em\u00e1il <a href=\"mailto:info@viper.es\">info@viper.es<\/a><\/p>\n\n\n\n<p style=\"font-size:18px\">En VIPER RENT A CAR disponemos de <strong>una variada de veh\u00edculos industriales, con tama\u00f1os y caracter\u00edsticas especiales; capacidad, n\u00famero de puertas y pasajeros, etc. <\/strong>Elige las dimensiones de la caja para realizar el transporte que sea necesario. <strong>Veh\u00edculos Industriales<\/strong> c\u00f3modos, fiables y potentes.<\/p>\n\n\n\n<figure class=\"wp-block-gallery aligncenter columns-2 is-cropped wp-block-gallery-1 is-layout-flex wp-block-gallery-is-layout-flex\"><ul class=\"blocks-gallery-grid\"><li class=\"blocks-gallery-item\"><figure><img loading=\"lazy\" decoding=\"async\" width=\"1024\" height=\"722\" src=\"https:\/\/viper.es\/blog\/wp-content\/uploads\/2021\/07\/ds-1024x722.jpg\" alt=\"\" data-id=\"1442\" data-full-url=\"https:\/\/viper.es\/blog\/wp-content\/uploads\/2021\/07\/ds.jpg\" data-link=\"https:\/\/viper.es\/blog\/?attachment_id=1442\" class=\"wp-image-1442\" srcset=\"https:\/\/viper.es\/blog\/wp-content\/uploads\/2021\/07\/ds-1024x722.jpg 1024w, https:\/\/viper.es\/blog\/wp-content\/uploads\/2021\/07\/ds-300x211.jpg 300w, https:\/\/viper.es\/blog\/wp-content\/uploads\/2021\/07\/ds-768x541.jpg 768w, https:\/\/viper.es\/blog\/wp-content\/uploads\/2021\/07\/ds.jpg 1481w\" sizes=\"(max-width: 1024px) 100vw, 1024px\" \/><\/figure><\/li><li class=\"blocks-gallery-item\"><figure><img loading=\"lazy\" decoding=\"async\" width=\"889\" height=\"889\" src=\"https:\/\/viper.es\/blog\/wp-content\/uploads\/2021\/07\/qw.jpg\" alt=\"\" data-id=\"1443\" data-full-url=\"https:\/\/viper.es\/blog\/wp-content\/uploads\/2021\/07\/qw.jpg\" data-link=\"https:\/\/viper.es\/blog\/?attachment_id=1443\" class=\"wp-image-1443\" srcset=\"https:\/\/viper.es\/blog\/wp-content\/uploads\/2021\/07\/qw.jpg 889w, https:\/\/viper.es\/blog\/wp-content\/uploads\/2021\/07\/qw-300x300.jpg 300w, https:\/\/viper.es\/blog\/wp-content\/uploads\/2021\/07\/qw-150x150.jpg 150w, https:\/\/viper.es\/blog\/wp-content\/uploads\/2021\/07\/qw-768x768.jpg 768w\" sizes=\"(max-width: 889px) 100vw, 889px\" \/><\/figure><\/li><\/ul><\/figure>\n\n\n\n<hr class=\"wp-block-separator\"\/>\n\n\n\n<p style=\"font-size:17px\">VIPER RENT A CAR. Estamos en Avenida de Alicante, 152. C.P.: 03207 Elche (Alicante), enfrente justo del NUEVO MERCADONA DE ELCHE, en la carretera nacional de salida de la ciudad de Elche, hacia la de Alicante.<\/p>\n","protected":false},"excerpt":{"rendered":"<p>En VIPER RENT A CAR disponemos de una variada de veh\u00edculos industriales, con tama\u00f1os y caracter\u00edsticas especiales; capacidad, n\u00famero de puertas y pasajeros<\/p>\n","protected":false},"author":2,"featured_media":1446,"comment_status":"open","ping_status":"closed","sticky":false,"template":"","format":"standard","meta":{"footnotes":""},"categories":[3],"tags":[],"_links":{"self":[{"href":"https:\/\/viper.es\/blog\/index.php\/wp-json\/wp\/v2\/posts\/1441"}],"collection":[{"href":"https:\/\/viper.es\/blog\/index.php\/wp-json\/wp\/v2\/posts"}],"about":[{"href":"https:\/\/viper.es\/blog\/index.php\/wp-json\/wp\/v2\/types\/post"}],"author":[{"embeddable":true,"href":"https:\/\/viper.es\/blog\/index.php\/wp-json\/wp\/v2\/users\/2"}],"replies":[{"embeddable":true,"href":"https:\/\/viper.es\/blog\/index.php\/wp-json\/wp\/v2\/comments?post=1441"}],"version-history":[{"count":2,"href":"https:\/\/viper.es\/blog\/index.php\/wp-json\/wp\/v2\/posts\/1441\/revisions"}],"predecessor-version":[{"id":1447,"href":"https:\/\/viper.es\/blog\/index.php\/wp-json\/wp\/v2\/posts\/1441\/revisions\/1447"}],"wp:featuredmedia":[{"embeddable":true,"href":"https:\/\/viper.es\/blog\/index.php\/wp-json\/wp\/v2\/media\/1446"}],"wp:attachment":[{"href":"https:\/\/viper.es\/blog\/index.php\/wp-json\/wp\/v2\/media?parent=1441"}],"wp:term":[{"taxonomy":"category","embeddable":true,"href":"https:\/\/viper.es\/blog\/index.php\/wp-json\/wp\/v2\/categories?post=1441"},{"taxonomy":"post_tag","embeddable":true,"href":"https:\/\/viper.es\/blog\/index.php\/wp-json\/wp\/v2\/tags?post=1441"}],"curies":[{"name":"wp","href":"https:\/\/api.w.org\/{rel}","templated":true}]}}